{"id":1230,"global_id":"klang-cafe.com?id=1230","global_id_lineage":["klang-cafe.com?id=1230"],"author":"1","status":"publish","date":"2025-02-10 20:01:26","date_utc":"2025-02-10 20:01:26","modified":"2025-03-06 05:12:45","modified_utc":"2025-03-06 05:12:45","url":"https:\/\/klang-cafe.com\/?tribe_events=klangreise-im-familiencafe-einzigartig","rest_url":"https:\/\/klang-cafe.com\/index.php?rest_route=\/tribe\/events\/v1\/events\/1230","title":"Klangreise im Caf\u00e9 Familie Einzigartig","description":"<p><span style=\"color: #e0a80d;\"><em>Am: <strong>14.03.2024 <\/strong><\/em><em>von <strong>18:00-19:30 Uhr<\/strong>. Teilnahmegeb\u00fchr: <strong>15,00\u20ac-18,00\u20ac <\/strong>je nach Ermessen und M\u00f6glichkeit (Bezahlung vor Ort<\/em><\/span><\/p>\n<p><span class=\"OYPEnA text-decoration-none text-strikethrough-none\">Lass dich entf\u00fchren in die vielf\u00e4ltige und magische <\/span><span class=\"OYPEnA text-decoration-none text-strikethrough-none\">Welt der Kl\u00e4nge.<\/span><\/p>\n<p class=\"cvGsUA direction-ltr align-justify para-style-subtitle\"><span class=\"OYPEnA text-decoration-none text-strikethrough-none\">Es erwartet dich eine einzigartige Klangreise mit Handpan Music, <\/span><span class=\"OYPEnA text-decoration-none text-strikethrough-none\">Klangschalen, Didgeridoo, Trommel, Obertongesang, <\/span><span class=\"OYPEnA text-decoration-none text-strikethrough-none\">u.v.m.<\/span><\/p>\n<p class=\"cvGsUA direction-ltr align-justify para-style-subtitle\"><span class=\"OYPEnA text-decoration-none text-strikethrough-none\">Geniesse die entspannende Wirkung der Kl\u00e4nge und finde wieder in dein Gleichgewicht.<\/span><\/p>\n<p class=\"cvGsUA direction-ltr align-justify para-style-subtitle\"><span class=\"OYPEnA text-decoration-none text-strikethrough-none\">Nimm dir eine Auszeit und komm mit auf eine ganz <\/span><span class=\"OYPEnA text-decoration-none text-strikethrough-none\">besondere Reise.<\/span><\/p>\n<p>Du kannst hier deinen Platz verbindlich reservieren.<\/p>","excerpt":"","slug":"klangreise-im-familiencafe-einzigartig","image":{"url":"https:\/\/klang-cafe.com\/wp-content\/uploads\/2025\/02\/Braun-Beige-Foto-Sound-Healing-Klangschale-Ankuendigung-Event-Instagram-Stor_20250306_061051_0000.jpg","id":1254,"extension":"jpg","width":1080,"height":1920,"filesize":1150385,"sizes":{"medium":{"width":169,"height":300,"mime-type":"image\/jpeg","filesize":19796,"url":"https:\/\/klang-cafe.com\/wp-content\/uploads\/2025\/02\/Braun-Beige-Foto-Sound-Healing-Klangschale-Ankuendigung-Event-Instagram-Stor_20250306_061051_0000-169x300.jpg"},"large":{"width":576,"height":1024,"mime-type":"image\/jpeg","filesize":107288,"url":"https:\/\/klang-cafe.com\/wp-content\/uploads\/2025\/02\/Braun-Beige-Foto-Sound-Healing-Klangschale-Ankuendigung-Event-Instagram-Stor_20250306_061051_0000-576x1024.jpg"},"thumbnail":{"width":150,"height":150,"mime-type":"image\/jpeg","filesize":11866,"url":"https:\/\/klang-cafe.com\/wp-content\/uploads\/2025\/02\/Braun-Beige-Foto-Sound-Healing-Klangschale-Ankuendigung-Event-Instagram-Stor_20250306_061051_0000-150x150.jpg"},"medium_large":{"width":768,"height":1365,"mime-type":"image\/jpeg","filesize":164032,"url":"https:\/\/klang-cafe.com\/wp-content\/uploads\/2025\/02\/Braun-Beige-Foto-Sound-Healing-Klangschale-Ankuendigung-Event-Instagram-Stor_20250306_061051_0000-768x1365.jpg"},"1536x1536":{"width":864,"height":1536,"mime-type":"image\/jpeg","filesize":193788,"url":"https:\/\/klang-cafe.com\/wp-content\/uploads\/2025\/02\/Braun-Beige-Foto-Sound-Healing-Klangschale-Ankuendigung-Event-Instagram-Stor_20250306_061051_0000-864x1536.jpg"},"post-thumbnail":{"width":169,"height":300,"mime-type":"image\/jpeg","filesize":19796,"url":"https:\/\/klang-cafe.com\/wp-content\/uploads\/2025\/02\/Braun-Beige-Foto-Sound-Healing-Klangschale-Ankuendigung-Event-Instagram-Stor_20250306_061051_0000-169x300.jpg"},"bravada-featured":{"width":421,"height":300,"mime-type":"image\/jpeg","filesize":27317,"url":"https:\/\/klang-cafe.com\/wp-content\/uploads\/2025\/02\/Braun-Beige-Foto-Sound-Healing-Klangschale-Ankuendigung-Event-Instagram-Stor_20250306_061051_0000-421x300.jpg"},"bravada-featured-lp":{"width":620,"height":300,"mime-type":"image\/jpeg","filesize":35392,"url":"https:\/\/klang-cafe.com\/wp-content\/uploads\/2025\/02\/Braun-Beige-Foto-Sound-Healing-Klangschale-Ankuendigung-Event-Instagram-Stor_20250306_061051_0000-620x300.jpg"},"bravada-featured-half":{"width":800,"height":300,"mime-type":"image\/jpeg","filesize":41133,"url":"https:\/\/klang-cafe.com\/wp-content\/uploads\/2025\/02\/Braun-Beige-Foto-Sound-Healing-Klangschale-Ankuendigung-Event-Instagram-Stor_20250306_061051_0000-800x300.jpg"},"bravada-featured-third":{"width":512,"height":300,"mime-type":"image\/jpeg","filesize":30423,"url":"https:\/\/klang-cafe.com\/wp-content\/uploads\/2025\/02\/Braun-Beige-Foto-Sound-Healing-Klangschale-Ankuendigung-Event-Instagram-Stor_20250306_061051_0000-512x300.jpg"},"bravada-lpbox-1":{"width":310,"height":250,"mime-type":"image\/jpeg","filesize":20852,"url":"https:\/\/klang-cafe.com\/wp-content\/uploads\/2025\/02\/Braun-Beige-Foto-Sound-Healing-Klangschale-Ankuendigung-Event-Instagram-Stor_20250306_061051_0000-310x250.jpg"},"bravada-lpbox-2":{"width":413,"height":300,"mime-type":"image\/jpeg","filesize":26869,"url":"https:\/\/klang-cafe.com\/wp-content\/uploads\/2025\/02\/Braun-Beige-Foto-Sound-Healing-Klangschale-Ankuendigung-Event-Instagram-Stor_20250306_061051_0000-413x300.jpg"}}},"all_day":false,"start_date":"2025-03-14 18:00:00","start_date_details":{"year":"2025","month":"03","day":"14","hour":"18","minutes":"00","seconds":"00"},"end_date":"2025-03-14 19:30:00","end_date_details":{"year":"2025","month":"03","day":"14","hour":"19","minutes":"30","seconds":"00"},"utc_start_date":"2025-03-14 18:00:00","utc_start_date_details":{"year":"2025","month":"03","day":"14","hour":"18","minutes":"00","seconds":"00"},"utc_end_date":"2025-03-14 19:30:00","utc_end_date_details":{"year":"2025","month":"03","day":"14","hour":"19","minutes":"30","seconds":"00"},"timezone":"UTC+0","timezone_abbr":"UTC+0","cost":"Kostenlos","cost_details":{"currency_symbol":"","currency_code":"","currency_position":"","values":["0"]},"website":"","show_map":true,"show_map_link":true,"hide_from_listings":false,"sticky":false,"featured":false,"categories":[{"name":"Klangreise","slug":"klangreise","term_group":0,"term_taxonomy_id":71,"taxonomy":"tribe_events_cat","description":"","parent":0,"count":6,"filter":"raw","id":71,"urls":{"self":"https:\/\/klang-cafe.com\/index.php?rest_route=\/tribe\/events\/v1\/categories\/71","collection":"https:\/\/klang-cafe.com\/index.php?rest_route=\/tribe\/events\/v1\/categories"}}],"tags":[],"venue":{"id":1205,"author":"1","status":"publish","date":"2025-01-13 22:24:27","date_utc":"2025-01-13 22:24:27","modified":"2025-01-24 19:26:47","modified_utc":"2025-01-24 19:26:47","url":"https:\/\/klang-cafe.com\/?tribe_venue=cafe-familie-einzigartig","venue":"Caf\u00e9 Familie Einzigartig\u00a0","description":"<p style=\"padding-left: 40px; text-align: left;\">Caf\u00e9 Familie Einzigartig<\/p>","slug":"cafe-familie-einzigartig","address":"Bollenwaldstra\u00dfe 105","city":"Aschaffenburg","zip":"63743","json_ld":{"@type":"Place","name":"Caf\u00e9 Familie Einzigartig\u00a0","description":"&lt;p&gt;Caf\u00e9 Familie Einzigartig&lt;\/p&gt;\\n","url":"","address":{"@type":"PostalAddress","streetAddress":"Bollenwaldstra\u00dfe 105","addressLocality":"Aschaffenburg","postalCode":"63743"},"telephone":"","sameAs":""},"show_map":true,"show_map_link":true,"global_id":"klang-cafe.com?id=1205","global_id_lineage":["klang-cafe.com?id=1205"]},"organizer":[{"id":212,"author":"1","status":"publish","date":"2018-10-07 14:36:09","date_utc":"2018-10-07 14:36:09","modified":"2024-01-29 08:57:16","modified_utc":"2024-01-29 08:57:16","url":"https:\/\/klang-cafe.com\/?tribe_organizer=markus-mueller","organizer":"Markus M\u00fcller","slug":"markus-mueller","image":{"url":"https:\/\/klang-cafe.com\/wp-content\/uploads\/2018\/07\/cropped-Logo.jpg","id":7,"extension":"jpg","width":441,"height":250,"filesize":14542,"sizes":{"woocommerce_thumbnail":{"width":250,"height":250,"mime-type":"image\/jpeg","filesize":10114,"uncropped":false,"url":"https:\/\/klang-cafe.com\/wp-content\/uploads\/2018\/07\/cropped-Logo-250x250.jpg"},"woocommerce_gallery_thumbnail":{"width":100,"height":100,"mime-type":"image\/jpeg","filesize":3076,"url":"https:\/\/klang-cafe.com\/wp-content\/uploads\/2018\/07\/cropped-Logo-100x100.jpg"},"woocommerce_single":{"width":350,"height":198,"mime-type":"image\/jpeg","filesize":9870,"url":"https:\/\/klang-cafe.com\/wp-content\/uploads\/2018\/07\/cropped-Logo-350x198.jpg"},"thumbnail":{"width":150,"height":150,"mime-type":"image\/jpeg","url":"https:\/\/klang-cafe.com\/wp-content\/uploads\/2018\/07\/cropped-Logo-150x150.jpg"},"medium":{"width":300,"height":170,"mime-type":"image\/jpeg","url":"https:\/\/klang-cafe.com\/wp-content\/uploads\/2018\/07\/cropped-Logo-300x170.jpg"},"twentyseventeen-thumbnail-avatar":{"width":100,"height":100,"mime-type":"image\/jpeg","url":"https:\/\/klang-cafe.com\/wp-content\/uploads\/2018\/07\/cropped-Logo-100x100.jpg"}}},"phone":"0170\/5233206","website":"https:\/\/www.klang-cafe.com","email":"info@klang-cafe.com","json_ld":{"@type":"Person","name":"Markus M\u00fcller","description":"","image":"https:\/\/klang-cafe.com\/wp-content\/uploads\/2018\/07\/cropped-Logo.jpg","url":"https:\/\/www.klang-cafe.com","telephone":"0170\/5233206","email":"info&#64;&#107;l&#97;&#110;&#103;-c&#97;&#102;&#101;&#46;c&#111;&#109;","sameAs":"https:\/\/www.klang-cafe.com"},"global_id":"klang-cafe.com?id=212","global_id_lineage":["klang-cafe.com?id=212"]}],"custom_fields":[],"json_ld":{"@context":"http:\/\/schema.org","@type":"Event","name":"Klangreise im Caf\u00e9 Familie Einzigartig","description":"&lt;p&gt;Am: 14.03.2024 von 18:00-19:30 Uhr. Teilnahmegeb\u00fchr: 15,00\u20ac-18,00\u20ac je nach Ermessen und M\u00f6glichkeit (Bezahlung vor Ort Lass dich entf\u00fchren in die vielf\u00e4ltige und magische Welt der &hellip;&lt;\/p&gt;\\n","image":"https:\/\/klang-cafe.com\/wp-content\/uploads\/2025\/02\/Braun-Beige-Foto-Sound-Healing-Klangschale-Ankuendigung-Event-Instagram-Stor_20250306_061051_0000.jpg","url":"https:\/\/klang-cafe.com\/?tribe_events=klangreise-im-familiencafe-einzigartig","offers":[{"@type":"Offer","url":"https:\/\/klang-cafe.com\/?tribe_events=klangreise-im-familiencafe-einzigartig","price":"0","category":"primary","availability":"LimitedAvailability","priceCurrency":"USD","validFrom":"2025-02-13T00:00:00+00:00","validThrough":"2025-03-14T00:00:00+00:00"}],"eventAttendanceMode":"https:\/\/schema.org\/OfflineEventAttendanceMode","eventStatus":"https:\/\/schema.org\/EventScheduled","startDate":"2025-03-14T18:00:00+00:00","endDate":"2025-03-14T19:30:00+00:00","location":{"@type":"Place","name":"Caf\u00e9 Familie Einzigartig\u00a0","description":"&lt;p&gt;Caf\u00e9 Familie Einzigartig&lt;\/p&gt;\\n","url":"","address":{"@type":"PostalAddress","streetAddress":"Bollenwaldstra\u00dfe 105","addressLocality":"Aschaffenburg","postalCode":"63743"},"telephone":"","sameAs":""},"organizer":{"@type":"Person","name":"Markus M\u00fcller","description":"","image":"https:\/\/klang-cafe.com\/wp-content\/uploads\/2018\/07\/cropped-Logo.jpg","url":"https:\/\/www.klang-cafe.com","telephone":"0170\/5233206","email":"in&#102;&#111;&#64;&#107;&#108;ang&#45;&#99;&#97;f&#101;&#46;&#99;&#111;&#109;","sameAs":"https:\/\/www.klang-cafe.com"},"performer":"Organization"},"ticketed":["rsvp"]}