{"id":1242,"global_id":"klang-cafe.com?id=1242","global_id_lineage":["klang-cafe.com?id=1242"],"author":"1","status":"publish","date":"2025-02-14 05:57:02","date_utc":"2025-02-14 05:57:02","modified":"2025-03-04 15:25:39","modified_utc":"2025-03-04 15:25:39","url":"https:\/\/klang-cafe.com\/?tribe_events=klangreise-im-cafe-familie-einzigartig","rest_url":"https:\/\/klang-cafe.com\/index.php?rest_route=\/tribe\/events\/v1\/events\/1242","title":"Lights &#038; Sounds im Caf\u00e9 Familie Einzigartig","description":"<p><strong>Am: 24.03.2024 von 18:00-19:30 Uhr. Teilnahmegeb\u00fchr: 15,00\u20ac-18,00\u20ac je nach Ermessen und M\u00f6glichkeit (Bezahlung vor Ort<\/strong><\/p>\n<p><strong>Lights &amp; Sounds<\/strong> \u2013 eine meditative Reise f\u00fcr die Sinne.<\/p>\n<p>Sanfte Handpan-Kl\u00e4nge verschmelzen mit sph\u00e4rischen elektronischen Sounds und hypnotischen Loops, w\u00e4hrend ein sanftes Laserlichtspiel den Raum erf\u00fcllt. Im Liegen kannst du dich v\u00f6llig fallen lassen, den Moment sp\u00fcren und in eine tiefe Entspannung eintauchen.<\/p>\n<p>Lass den Alltag los \u2013 tauche ein in Klang, Licht und Stille.<\/p>\n<p>Du kannst hier deinen Platz verbindlich reservieren.<\/p>","excerpt":"","slug":"klangreise-im-cafe-familie-einzigartig","image":{"url":"https:\/\/klang-cafe.com\/wp-content\/uploads\/2025\/02\/Kopie-von-Braun-Beige-Foto-Sound-Healing-Klangschale-Ankuendigung-Event-Inst_20250304_161753_0000.jpg","id":1253,"extension":"jpg","width":1080,"height":1920,"filesize":375557,"sizes":{"medium":{"width":169,"height":300,"mime-type":"image\/jpeg","filesize":22650,"url":"https:\/\/klang-cafe.com\/wp-content\/uploads\/2025\/02\/Kopie-von-Braun-Beige-Foto-Sound-Healing-Klangschale-Ankuendigung-Event-Inst_20250304_161753_0000-169x300.jpg"},"large":{"width":576,"height":1024,"mime-type":"image\/jpeg","filesize":127670,"url":"https:\/\/klang-cafe.com\/wp-content\/uploads\/2025\/02\/Kopie-von-Braun-Beige-Foto-Sound-Healing-Klangschale-Ankuendigung-Event-Inst_20250304_161753_0000-576x1024.jpg"},"thumbnail":{"width":150,"height":150,"mime-type":"image\/jpeg","filesize":14836,"url":"https:\/\/klang-cafe.com\/wp-content\/uploads\/2025\/02\/Kopie-von-Braun-Beige-Foto-Sound-Healing-Klangschale-Ankuendigung-Event-Inst_20250304_161753_0000-150x150.jpg"},"medium_large":{"width":768,"height":1365,"mime-type":"image\/jpeg","filesize":202689,"url":"https:\/\/klang-cafe.com\/wp-content\/uploads\/2025\/02\/Kopie-von-Braun-Beige-Foto-Sound-Healing-Klangschale-Ankuendigung-Event-Inst_20250304_161753_0000-768x1365.jpg"},"1536x1536":{"width":864,"height":1536,"mime-type":"image\/jpeg","filesize":243982,"url":"https:\/\/klang-cafe.com\/wp-content\/uploads\/2025\/02\/Kopie-von-Braun-Beige-Foto-Sound-Healing-Klangschale-Ankuendigung-Event-Inst_20250304_161753_0000-864x1536.jpg"},"post-thumbnail":{"width":169,"height":300,"mime-type":"image\/jpeg","filesize":22650,"url":"https:\/\/klang-cafe.com\/wp-content\/uploads\/2025\/02\/Kopie-von-Braun-Beige-Foto-Sound-Healing-Klangschale-Ankuendigung-Event-Inst_20250304_161753_0000-169x300.jpg"},"bravada-featured":{"width":421,"height":300,"mime-type":"image\/jpeg","filesize":39987,"url":"https:\/\/klang-cafe.com\/wp-content\/uploads\/2025\/02\/Kopie-von-Braun-Beige-Foto-Sound-Healing-Klangschale-Ankuendigung-Event-Inst_20250304_161753_0000-421x300.jpg"},"bravada-featured-lp":{"width":620,"height":300,"mime-type":"image\/jpeg","filesize":55600,"url":"https:\/\/klang-cafe.com\/wp-content\/uploads\/2025\/02\/Kopie-von-Braun-Beige-Foto-Sound-Healing-Klangschale-Ankuendigung-Event-Inst_20250304_161753_0000-620x300.jpg"},"bravada-featured-half":{"width":800,"height":300,"mime-type":"image\/jpeg","filesize":66613,"url":"https:\/\/klang-cafe.com\/wp-content\/uploads\/2025\/02\/Kopie-von-Braun-Beige-Foto-Sound-Healing-Klangschale-Ankuendigung-Event-Inst_20250304_161753_0000-800x300.jpg"},"bravada-featured-third":{"width":512,"height":300,"mime-type":"image\/jpeg","filesize":46999,"url":"https:\/\/klang-cafe.com\/wp-content\/uploads\/2025\/02\/Kopie-von-Braun-Beige-Foto-Sound-Healing-Klangschale-Ankuendigung-Event-Inst_20250304_161753_0000-512x300.jpg"},"bravada-lpbox-1":{"width":310,"height":250,"mime-type":"image\/jpeg","filesize":28745,"url":"https:\/\/klang-cafe.com\/wp-content\/uploads\/2025\/02\/Kopie-von-Braun-Beige-Foto-Sound-Healing-Klangschale-Ankuendigung-Event-Inst_20250304_161753_0000-310x250.jpg"},"bravada-lpbox-2":{"width":413,"height":300,"mime-type":"image\/jpeg","filesize":39093,"url":"https:\/\/klang-cafe.com\/wp-content\/uploads\/2025\/02\/Kopie-von-Braun-Beige-Foto-Sound-Healing-Klangschale-Ankuendigung-Event-Inst_20250304_161753_0000-413x300.jpg"}}},"all_day":false,"start_date":"2025-03-24 18:00:00","start_date_details":{"year":"2025","month":"03","day":"24","hour":"18","minutes":"00","seconds":"00"},"end_date":"2025-03-24 18:30:00","end_date_details":{"year":"2025","month":"03","day":"24","hour":"18","minutes":"30","seconds":"00"},"utc_start_date":"2025-03-24 18:00:00","utc_start_date_details":{"year":"2025","month":"03","day":"24","hour":"18","minutes":"00","seconds":"00"},"utc_end_date":"2025-03-24 18:30:00","utc_end_date_details":{"year":"2025","month":"03","day":"24","hour":"18","minutes":"30","seconds":"00"},"timezone":"UTC+0","timezone_abbr":"UTC+0","cost":"Kostenlos","cost_details":{"currency_symbol":"","currency_code":"","currency_position":"","values":["0"]},"website":"","show_map":true,"show_map_link":true,"hide_from_listings":false,"sticky":false,"featured":false,"categories":[{"name":"Klangreise","slug":"klangreise","term_group":0,"term_taxonomy_id":71,"taxonomy":"tribe_events_cat","description":"","parent":0,"count":6,"filter":"raw","id":71,"urls":{"self":"https:\/\/klang-cafe.com\/index.php?rest_route=\/tribe\/events\/v1\/categories\/71","collection":"https:\/\/klang-cafe.com\/index.php?rest_route=\/tribe\/events\/v1\/categories"}}],"tags":[],"venue":{"id":1205,"author":"1","status":"publish","date":"2025-01-13 22:24:27","date_utc":"2025-01-13 22:24:27","modified":"2025-01-24 19:26:47","modified_utc":"2025-01-24 19:26:47","url":"https:\/\/klang-cafe.com\/?tribe_venue=cafe-familie-einzigartig","venue":"Caf\u00e9 Familie Einzigartig\u00a0","description":"<p style=\"padding-left: 40px; text-align: left;\">Caf\u00e9 Familie Einzigartig<\/p>","slug":"cafe-familie-einzigartig","address":"Bollenwaldstra\u00dfe 105","city":"Aschaffenburg","zip":"63743","json_ld":{"@type":"Place","name":"Caf\u00e9 Familie Einzigartig\u00a0","description":"&lt;p&gt;Caf\u00e9 Familie Einzigartig&lt;\/p&gt;\\n","url":"","address":{"@type":"PostalAddress","streetAddress":"Bollenwaldstra\u00dfe 105","addressLocality":"Aschaffenburg","postalCode":"63743"},"telephone":"","sameAs":""},"show_map":true,"show_map_link":true,"global_id":"klang-cafe.com?id=1205","global_id_lineage":["klang-cafe.com?id=1205"]},"organizer":[],"custom_fields":[],"json_ld":{"@context":"http:\/\/schema.org","@type":"Event","name":"Lights &#038; Sounds im Caf\u00e9 Familie Einzigartig","description":"&lt;p&gt;Am: 24.03.2024 von 18:00-19:30 Uhr. Teilnahmegeb\u00fchr: 15,00\u20ac-18,00\u20ac je nach Ermessen und M\u00f6glichkeit (Bezahlung vor Ort Lights &amp; Sounds \u2013 eine meditative Reise f\u00fcr die Sinne. &hellip;&lt;\/p&gt;\\n","image":"https:\/\/klang-cafe.com\/wp-content\/uploads\/2025\/02\/Kopie-von-Braun-Beige-Foto-Sound-Healing-Klangschale-Ankuendigung-Event-Inst_20250304_161753_0000.jpg","url":"https:\/\/klang-cafe.com\/?tribe_events=klangreise-im-cafe-familie-einzigartig","offers":[{"@type":"Offer","url":"https:\/\/klang-cafe.com\/?tribe_events=klangreise-im-cafe-familie-einzigartig","price":"0","category":"primary","availability":"InStock","priceCurrency":"USD","validFrom":"2025-02-14T00:00:00+00:00","validThrough":"2025-03-24T00:00:00+00:00"}],"eventAttendanceMode":"https:\/\/schema.org\/OfflineEventAttendanceMode","eventStatus":"https:\/\/schema.org\/EventScheduled","startDate":"2025-03-24T18:00:00+00:00","endDate":"2025-03-24T18:30:00+00:00","location":{"@type":"Place","name":"Caf\u00e9 Familie Einzigartig\u00a0","description":"&lt;p&gt;Caf\u00e9 Familie Einzigartig&lt;\/p&gt;\\n","url":"","address":{"@type":"PostalAddress","streetAddress":"Bollenwaldstra\u00dfe 105","addressLocality":"Aschaffenburg","postalCode":"63743"},"telephone":"","sameAs":""},"performer":"Organization"},"ticketed":["rsvp"]}